{"id":12060,"date":"2023-09-14T15:26:16","date_gmt":"2023-09-14T13:26:16","guid":{"rendered":"https:\/\/www.ege-annaberg.de\/wp\/?p=12060"},"modified":"2023-09-15T16:10:38","modified_gmt":"2023-09-15T14:10:38","slug":"wind-sonne-watt-und-nordsee","status":"publish","type":"post","link":"https:\/\/www.ege-annaberg.de\/wp\/wind-sonne-watt-und-nordsee\/","title":{"rendered":"Wind, Sonne, Watt und Nordsee"},"content":{"rendered":"<p>Wir, der Leistungskurs Biologie 12, konnten unsere 5 Tage auf der Hallig-Langene\u00df so richtig genie\u00dfen. Nach einer Zugfahrt quer durch Deutschland mussten wir nicht nur Bus und F\u00e4hre fahren, sondern auch noch 7,2 km mit dem Fahrrad radeln. Aber die lange Anreise hat sich gelohnt! Lehrreiche Exkursionen ins Watt, Hallig-Vogelkunde und eine F\u00fchrung durch die Salzwiesen haben unser Nordsee-\u00d6kologie-Wissen erweitert. Besonders spannend war auch das Wattlabor, bei dem wir unsere gesammelten Funde auch mal genauer unter dem Mikroskop anschauen konnten. Ob Alge, Schnecke, Krebs, Seepocke oder Muschel &#8211; alles wurde genauestens untersucht. Neben den geplanten Aktivit\u00e4ten mit den F\u00d6Jlern der Hallig Langene\u00df konnten wir bei dem warmen Sommerwetter auch in der Nordsee baden, Fahrradtouren \u00fcber die Hallig unternehmen und wundersch\u00f6ne Sonnenunterg\u00e4nge beobachten. Besonderen Spa\u00df hat auch das gemeinsame Kochen gemacht. Neben Pancakes, Applecrumble, Sandwiches und Pizza gab es selbstgebackenes Brot und Kuchen. Auch das Risotto von Herrn Kirsten durfte nicht fehlen :). Das sonnige Wetter hat uns gutgetan und wir bringen gesammelte Muscheln, gute Laune, viele wunderbare Eindr\u00fccke und auch ein bisschen Sonnenbrand mit<br \/>\nnach Hause.<\/p>\n<p><a href=\"https:\/\/www.ege-annaberg.de\/wp\/wind-sonne-watt-und-nordsee\/img-9271\/\" rel=\"attachment wp-att-12061\"><img loading=\"lazy\" decoding=\"async\" class=\"alignnone size-full wp-image-12061\" src=\"https:\/\/www.ege-annaberg.de\/wp\/wp-content\/uploads\/2023\/09\/IMG-9271.jpg\" alt=\"\" width=\"1024\" height=\"768\" srcset=\"https:\/\/www.ege-annaberg.de\/wp\/wp-content\/uploads\/2023\/09\/IMG-9271.jpg 1024w, https:\/\/www.ege-annaberg.de\/wp\/wp-content\/uploads\/2023\/09\/IMG-9271-300x225.jpg 300w, https:\/\/www.ege-annaberg.de\/wp\/wp-content\/uploads\/2023\/09\/IMG-9271-768x576.jpg 768w\" sizes=\"auto, (max-width: 1024px) 100vw, 1024px\" \/><\/a> <a href=\"https:\/\/www.ege-annaberg.de\/wp\/wind-sonne-watt-und-nordsee\/img-9249\/\" rel=\"attachment wp-att-12063\"><img loading=\"lazy\" decoding=\"async\" class=\"alignnone size-full wp-image-12063\" src=\"https:\/\/www.ege-annaberg.de\/wp\/wp-content\/uploads\/2023\/09\/IMG-9249.jpg\" alt=\"\" width=\"1024\" height=\"768\" srcset=\"https:\/\/www.ege-annaberg.de\/wp\/wp-content\/uploads\/2023\/09\/IMG-9249.jpg 1024w, https:\/\/www.ege-annaberg.de\/wp\/wp-content\/uploads\/2023\/09\/IMG-9249-300x225.jpg 300w, https:\/\/www.ege-annaberg.de\/wp\/wp-content\/uploads\/2023\/09\/IMG-9249-768x576.jpg 768w\" sizes=\"auto, (max-width: 1024px) 100vw, 1024px\" \/><\/a> <a href=\"https:\/\/www.ege-annaberg.de\/wp\/wind-sonne-watt-und-nordsee\/img-9368\/\" rel=\"attachment wp-att-12066\"><img loading=\"lazy\" decoding=\"async\" class=\"alignnone size-full wp-image-12066\" src=\"https:\/\/www.ege-annaberg.de\/wp\/wp-content\/uploads\/2023\/09\/IMG-9368.jpg\" alt=\"\" width=\"1024\" height=\"768\" srcset=\"https:\/\/www.ege-annaberg.de\/wp\/wp-content\/uploads\/2023\/09\/IMG-9368.jpg 1024w, https:\/\/www.ege-annaberg.de\/wp\/wp-content\/uploads\/2023\/09\/IMG-9368-300x225.jpg 300w, https:\/\/www.ege-annaberg.de\/wp\/wp-content\/uploads\/2023\/09\/IMG-9368-768x576.jpg 768w\" sizes=\"auto, (max-width: 1024px) 100vw, 1024px\" \/><\/a> <a href=\"https:\/\/www.ege-annaberg.de\/wp\/wind-sonne-watt-und-nordsee\/img-9317\/\" rel=\"attachment wp-att-12067\"><img loading=\"lazy\" decoding=\"async\" class=\"alignnone size-full wp-image-12067\" src=\"https:\/\/www.ege-annaberg.de\/wp\/wp-content\/uploads\/2023\/09\/IMG-9317.jpg\" alt=\"\" width=\"1024\" height=\"768\" srcset=\"https:\/\/www.ege-annaberg.de\/wp\/wp-content\/uploads\/2023\/09\/IMG-9317.jpg 1024w, https:\/\/www.ege-annaberg.de\/wp\/wp-content\/uploads\/2023\/09\/IMG-9317-300x225.jpg 300w, https:\/\/www.ege-annaberg.de\/wp\/wp-content\/uploads\/2023\/09\/IMG-9317-768x576.jpg 768w\" sizes=\"auto, (max-width: 1024px) 100vw, 1024px\" \/><\/a> <a href=\"https:\/\/www.ege-annaberg.de\/wp\/wind-sonne-watt-und-nordsee\/img-9300\/\" rel=\"attachment wp-att-12068\"><img loading=\"lazy\" decoding=\"async\" class=\"alignnone size-full wp-image-12068\" src=\"https:\/\/www.ege-annaberg.de\/wp\/wp-content\/uploads\/2023\/09\/IMG-9300.jpg\" alt=\"\" width=\"1024\" height=\"768\" srcset=\"https:\/\/www.ege-annaberg.de\/wp\/wp-content\/uploads\/2023\/09\/IMG-9300.jpg 1024w, https:\/\/www.ege-annaberg.de\/wp\/wp-content\/uploads\/2023\/09\/IMG-9300-300x225.jpg 300w, https:\/\/www.ege-annaberg.de\/wp\/wp-content\/uploads\/2023\/09\/IMG-9300-768x576.jpg 768w\" sizes=\"auto, (max-width: 1024px) 100vw, 1024px\" \/><\/a> <a href=\"https:\/\/www.ege-annaberg.de\/wp\/wind-sonne-watt-und-nordsee\/img-9287\/\" rel=\"attachment wp-att-12069\"><img loading=\"lazy\" decoding=\"async\" class=\"alignnone size-full wp-image-12069\" src=\"https:\/\/www.ege-annaberg.de\/wp\/wp-content\/uploads\/2023\/09\/IMG-9287.jpg\" alt=\"\" width=\"1024\" height=\"768\" srcset=\"https:\/\/www.ege-annaberg.de\/wp\/wp-content\/uploads\/2023\/09\/IMG-9287.jpg 1024w, https:\/\/www.ege-annaberg.de\/wp\/wp-content\/uploads\/2023\/09\/IMG-9287-300x225.jpg 300w, https:\/\/www.ege-annaberg.de\/wp\/wp-content\/uploads\/2023\/09\/IMG-9287-768x576.jpg 768w\" sizes=\"auto, (max-width: 1024px) 100vw, 1024px\" \/><\/a> <a href=\"https:\/\/www.ege-annaberg.de\/wp\/wind-sonne-watt-und-nordsee\/img-9279\/\" rel=\"attachment wp-att-12070\"><img loading=\"lazy\" decoding=\"async\" class=\"alignnone size-full wp-image-12070\" src=\"https:\/\/www.ege-annaberg.de\/wp\/wp-content\/uploads\/2023\/09\/IMG-9279.jpg\" alt=\"\" width=\"1024\" height=\"768\" srcset=\"https:\/\/www.ege-annaberg.de\/wp\/wp-content\/uploads\/2023\/09\/IMG-9279.jpg 1024w, https:\/\/www.ege-annaberg.de\/wp\/wp-content\/uploads\/2023\/09\/IMG-9279-300x225.jpg 300w, https:\/\/www.ege-annaberg.de\/wp\/wp-content\/uploads\/2023\/09\/IMG-9279-768x576.jpg 768w\" sizes=\"auto, (max-width: 1024px) 100vw, 1024px\" \/><\/a><\/p>\n<p>&nbsp;<\/p>\n","protected":false},"excerpt":{"rendered":"<p>Wir, der Leistungskurs Biologie 12, konnten unsere 5 Tage auf der Hallig-Langene\u00df so richtig genie\u00dfen. Nach einer Zugfahrt quer durch<\/p>\n","protected":false},"author":3,"featured_media":12064,"comment_status":"closed","ping_status":"closed","sticky":false,"template":"","format":"standard","meta":{"footnotes":""},"categories":[1],"tags":[],"class_list":["post-12060","post","type-post","status-publish","format-standard","has-post-thumbnail","hentry","category-allgemein"],"_links":{"self":[{"href":"https:\/\/www.ege-annaberg.de\/wp\/wp-json\/wp\/v2\/posts\/12060","targetHints":{"allow":["GET"]}}],"collection":[{"href":"https:\/\/www.ege-annaberg.de\/wp\/wp-json\/wp\/v2\/posts"}],"about":[{"href":"https:\/\/www.ege-annaberg.de\/wp\/wp-json\/wp\/v2\/types\/post"}],"author":[{"embeddable":true,"href":"https:\/\/www.ege-annaberg.de\/wp\/wp-json\/wp\/v2\/users\/3"}],"replies":[{"embeddable":true,"href":"https:\/\/www.ege-annaberg.de\/wp\/wp-json\/wp\/v2\/comments?post=12060"}],"version-history":[{"count":6,"href":"https:\/\/www.ege-annaberg.de\/wp\/wp-json\/wp\/v2\/posts\/12060\/revisions"}],"predecessor-version":[{"id":12140,"href":"https:\/\/www.ege-annaberg.de\/wp\/wp-json\/wp\/v2\/posts\/12060\/revisions\/12140"}],"wp:featuredmedia":[{"embeddable":true,"href":"https:\/\/www.ege-annaberg.de\/wp\/wp-json\/wp\/v2\/media\/12064"}],"wp:attachment":[{"href":"https:\/\/www.ege-annaberg.de\/wp\/wp-json\/wp\/v2\/media?parent=12060"}],"wp:term":[{"taxonomy":"category","embeddable":true,"href":"https:\/\/www.ege-annaberg.de\/wp\/wp-json\/wp\/v2\/categories?post=12060"},{"taxonomy":"post_tag","embeddable":true,"href":"https:\/\/www.ege-annaberg.de\/wp\/wp-json\/wp\/v2\/tags?post=12060"}],"curies":[{"name":"wp","href":"https:\/\/api.w.org\/{rel}","templated":true}]}}