{"id":12459,"date":"2023-11-24T17:49:03","date_gmt":"2023-11-24T16:49:03","guid":{"rendered":"https:\/\/www.ege-annaberg.de\/wp\/?p=12459"},"modified":"2023-11-24T17:49:31","modified_gmt":"2023-11-24T16:49:31","slug":"ege-wandkalender-2024-ist-da","status":"publish","type":"post","link":"https:\/\/www.ege-annaberg.de\/wp\/ege-wandkalender-2024-ist-da\/","title":{"rendered":"EGE Wandkalender 2024 ist da!"},"content":{"rendered":"<header class=\"entry-header\">\n<h1 class=\"entry-title\"><a href=\"https:\/\/www.ege-annaberg.de\/wp\/wp-content\/uploads\/2023\/11\/Titelbild-Kalender.jpg\"><img loading=\"lazy\" decoding=\"async\" class=\"alignleft size-medium wp-image-12460\" src=\"https:\/\/www.ege-annaberg.de\/wp\/wp-content\/uploads\/2023\/11\/Titelbild-Kalender-300x212.jpg\" alt=\"\" width=\"300\" height=\"212\" srcset=\"https:\/\/www.ege-annaberg.de\/wp\/wp-content\/uploads\/2023\/11\/Titelbild-Kalender-300x212.jpg 300w, https:\/\/www.ege-annaberg.de\/wp\/wp-content\/uploads\/2023\/11\/Titelbild-Kalender-768x542.jpg 768w, https:\/\/www.ege-annaberg.de\/wp\/wp-content\/uploads\/2023\/11\/Titelbild-Kalender.jpg 1024w\" sizes=\"auto, (max-width: 300px) 100vw, 300px\" \/><\/a>EGE-Kunstkalender 2024 ist im Sekretariat erh\u00e4ltlich!<\/h1>\n<\/header>\n<div class=\"entry-content clearfix\">\n<p>Der EGE-Wandkalender erlebt eine Renaissance.<\/p>\n<p>Der Kunstkalender als A4-Wandkalender ist wieder da und kann ab sofort f\u00fcr 3,50 Euro im Sekretariat erworben werden. Die Bildsammlung zeigt die besten 12 Sch\u00fclerarbeiten aus dem Kunstunterricht der Klassen 5 bis 12 des vergangenen Schuljahres.<\/p>\n<p>Der EGE-Kunstkalender 2024 ist ein ideales Weihnachtsgeschenk f\u00fcr alle, die sich mit der EGE verbunden f\u00fchlen und die die k\u00fcnstlerischen Leistungen der Lernenden an dieser Schule wertsch\u00e4tzen. Wir freuen uns, wenn Sie mit Ihrem Kauf einen Beitrag zur F\u00f6rderung unserer Schulentwicklung leisten. Der Kalender ist f\u00fcr alle im Sekretariat einzusehen.<\/p>\n<p><strong>\u00dcbersicht \u00fcber die Sch\u00fclerarbeiten:<\/strong><\/p>\n<p>Klasse 5: Gerda Kreher, Anny Stapff<\/p>\n<p>Klasse 6: Sarah Reichel<\/p>\n<p>Klasse 7: Dora Meyer<\/p>\n<p>Klasse 8: Helena Melzer, Charlotte Barfeld<\/p>\n<p>Klasse 9: Marlen Kr\u00fcger<\/p>\n<p>Klasse 10: Lennart Klinger, Vanessa Roskosch<\/p>\n<p>Grundkurs Kunst 11: Luise Hanisch<\/p>\n<p>Grundkurs Kunst 12: Marisa Gehlert<\/p>\n<p>Leistungskurs Kunst 11: Eveline Ullmann<\/p>\n<p>Leistungskurs Kunst 12: Sophie Helbig<\/p>\n<\/div>\n","protected":false},"excerpt":{"rendered":"<p>EGE-Kunstkalender 2024 ist im Sekretariat erh\u00e4ltlich! Der EGE-Wandkalender erlebt eine Renaissance. Der Kunstkalender als A4-Wandkalender ist wieder da und kann<\/p>\n","protected":false},"author":7,"featured_media":12460,"comment_status":"closed","ping_status":"closed","sticky":false,"template":"","format":"standard","meta":{"footnotes":""},"categories":[1,25,22,120],"tags":[],"class_list":["post-12459","post","type-post","status-publish","format-standard","has-post-thumbnail","hentry","category-allgemein","category-ausstellungen","category-kunst","category-kunst-kunst"],"_links":{"self":[{"href":"https:\/\/www.ege-annaberg.de\/wp\/wp-json\/wp\/v2\/posts\/12459","targetHints":{"allow":["GET"]}}],"collection":[{"href":"https:\/\/www.ege-annaberg.de\/wp\/wp-json\/wp\/v2\/posts"}],"about":[{"href":"https:\/\/www.ege-annaberg.de\/wp\/wp-json\/wp\/v2\/types\/post"}],"author":[{"embeddable":true,"href":"https:\/\/www.ege-annaberg.de\/wp\/wp-json\/wp\/v2\/users\/7"}],"replies":[{"embeddable":true,"href":"https:\/\/www.ege-annaberg.de\/wp\/wp-json\/wp\/v2\/comments?post=12459"}],"version-history":[{"count":1,"href":"https:\/\/www.ege-annaberg.de\/wp\/wp-json\/wp\/v2\/posts\/12459\/revisions"}],"predecessor-version":[{"id":12461,"href":"https:\/\/www.ege-annaberg.de\/wp\/wp-json\/wp\/v2\/posts\/12459\/revisions\/12461"}],"wp:featuredmedia":[{"embeddable":true,"href":"https:\/\/www.ege-annaberg.de\/wp\/wp-json\/wp\/v2\/media\/12460"}],"wp:attachment":[{"href":"https:\/\/www.ege-annaberg.de\/wp\/wp-json\/wp\/v2\/media?parent=12459"}],"wp:term":[{"taxonomy":"category","embeddable":true,"href":"https:\/\/www.ege-annaberg.de\/wp\/wp-json\/wp\/v2\/categories?post=12459"},{"taxonomy":"post_tag","embeddable":true,"href":"https:\/\/www.ege-annaberg.de\/wp\/wp-json\/wp\/v2\/tags?post=12459"}],"curies":[{"name":"wp","href":"https:\/\/api.w.org\/{rel}","templated":true}]}}