{"id":12845,"date":"2024-03-20T19:31:43","date_gmt":"2024-03-20T18:31:43","guid":{"rendered":"https:\/\/www.ege-annaberg.de\/wp\/?p=12845"},"modified":"2024-04-10T11:53:25","modified_gmt":"2024-04-10T09:53:25","slug":"ausstellungseroeffnung-des-kunst-leistungskurses-12","status":"publish","type":"post","link":"https:\/\/www.ege-annaberg.de\/wp\/ausstellungseroeffnung-des-kunst-leistungskurses-12\/","title":{"rendered":"Ausstellungser\u00f6ffnung des Kunst Leistungskurses 12"},"content":{"rendered":"<p><a href=\"https:\/\/www.ege-annaberg.de\/wp\/wp-content\/uploads\/2024\/03\/Plakat-Abschlussausstellung-reflexionen.jpg\"><img loading=\"lazy\" decoding=\"async\" class=\"alignleft size-medium wp-image-12846\" src=\"https:\/\/www.ege-annaberg.de\/wp\/wp-content\/uploads\/2024\/03\/Plakat-Abschlussausstellung-reflexionen-211x300.jpg\" alt=\"\" width=\"211\" height=\"300\" srcset=\"https:\/\/www.ege-annaberg.de\/wp\/wp-content\/uploads\/2024\/03\/Plakat-Abschlussausstellung-reflexionen-211x300.jpg 211w, https:\/\/www.ege-annaberg.de\/wp\/wp-content\/uploads\/2024\/03\/Plakat-Abschlussausstellung-reflexionen.jpg 555w\" sizes=\"auto, (max-width: 211px) 100vw, 211px\" \/><\/a><\/p>\n<p><strong>Abschlussausstellung des Kunst Leistungskurses 12 der Evangelischen Schulgemeinschaft Erzgebirge<\/strong><\/p>\n<p><strong>Er\u00f6ffnung am 06.04.24 um 15 Uhr in der Wiesenbader Kurparkhalle<\/strong><\/p>\n<p>&nbsp;<\/p>\n<p><b><\/b><!--more--><\/p>\n<p align=\"justify\"><span style=\"font-size: 12pt;\">Die Sch\u00fcler und Sch\u00fclerinnen des Leistungskurses Kunst 12 der Evangelischen Schulgemeinschaft Erzgebirge pr\u00e4sentieren Ihre Werke aus zwei Jahren vertieften Kunstunterricht in diesem Jahr in der Kurparkhalle Wiesenbad vom 06.04. bis 10.06.24. Mit dem Titel \u201eReflexion\u201c wird darauf verwiesen, dass alle Arbeiten aus der Auseinandersetzung mit der sie umgebenden Wirklichkeit entstanden sind. Immer beginnt die k\u00fcnstlerische Reise mit einem Gedanken, einer Wahrnehmung, Beobachtung oder Empfindung, aus der heraus sich das Suchen nach einer Bildidee entwickelt und immer endet die eigene bildnerische Umsetzung mit einer Reflexion, die die k\u00fcnstlerischen Entscheidungen auf dem Weg zum fertigen Werk sprachlich kommentiert. Beim Malen eines Portr\u00e4ts geht es so beispielsweise nicht nur um das Studium der physiognomischen Gestalt des Kopfes, sondern es wird auch dar\u00fcber nachgedacht, wie die Jugendlichen sich selbst sehen oder von anderen wahrgenommen werden m\u00f6chten oder welchen Zw\u00e4ngen sie dabei unterliegen. Spannend dabei ist zu sehen, wie fassettenreich sich die Bildsprache der Abiturientinnen und Abiturienten zeigt: mal sind es sehr zarte, fantasievolle, grafische Bl\u00e4tter, mal locker \u201ehingeworfene\u201c Bunststiftszeichnungen oder sehr detailverliebte, sensibel aufeinander abgestimmte farbige Arbeiten oder eben ganz expressiv empfundene, wilde Form- und Farbexperimente. In jedem Fall macht es Freude, die vielgestaltigen Arbeiten der jungen K\u00fcnstler und K\u00fcnstlerinnen zu entdecken, sich \u00fcberraschen zu lassen von deren Erfindungsgeist, ihrer Lust an Farbe, Form und Geste und gemeinsam mit den Sch\u00fclern und Sch\u00fclerinnen zu reflektieren, was gemalt, gezeichnet, collagiert oder gedruckt wurde. <\/span><\/p>\n<p align=\"justify\"><span style=\"font-size: 12pt;\">Er\u00f6ffnet wird die Ausstellung mit einer Performance der jungen Kunstschaffenden am Samstag, den 06.04.24 um 15 Uhr in der Wiesenbader Kurparkhalle. Eine F\u00fchrung durch die Ausstellung stellt K\u00fcnstler und K\u00fcnstlerinnen und deren Werke n\u00e4her vor.<\/span><\/p>\n","protected":false},"excerpt":{"rendered":"<p>Abschlussausstellung des Kunst Leistungskurses 12 der Evangelischen Schulgemeinschaft Erzgebirge Er\u00f6ffnung am 06.04.24 um 15 Uhr in der Wiesenbader Kurparkhalle &nbsp;<\/p>\n","protected":false},"author":7,"featured_media":12846,"comment_status":"closed","ping_status":"closed","sticky":false,"template":"","format":"standard","meta":{"footnotes":""},"categories":[25,120,22,127],"tags":[23,74,24,73],"class_list":["post-12845","post","type-post","status-publish","format-standard","has-post-thumbnail","hentry","category-ausstellungen","category-kunst-kunst","category-kunst","category-leistungskurs-kunst","tag-ausstellung","tag-kunst","tag-leistungskurs-kunst","tag-lk-kunst-12"],"_links":{"self":[{"href":"https:\/\/www.ege-annaberg.de\/wp\/wp-json\/wp\/v2\/posts\/12845","targetHints":{"allow":["GET"]}}],"collection":[{"href":"https:\/\/www.ege-annaberg.de\/wp\/wp-json\/wp\/v2\/posts"}],"about":[{"href":"https:\/\/www.ege-annaberg.de\/wp\/wp-json\/wp\/v2\/types\/post"}],"author":[{"embeddable":true,"href":"https:\/\/www.ege-annaberg.de\/wp\/wp-json\/wp\/v2\/users\/7"}],"replies":[{"embeddable":true,"href":"https:\/\/www.ege-annaberg.de\/wp\/wp-json\/wp\/v2\/comments?post=12845"}],"version-history":[{"count":4,"href":"https:\/\/www.ege-annaberg.de\/wp\/wp-json\/wp\/v2\/posts\/12845\/revisions"}],"predecessor-version":[{"id":12851,"href":"https:\/\/www.ege-annaberg.de\/wp\/wp-json\/wp\/v2\/posts\/12845\/revisions\/12851"}],"wp:featuredmedia":[{"embeddable":true,"href":"https:\/\/www.ege-annaberg.de\/wp\/wp-json\/wp\/v2\/media\/12846"}],"wp:attachment":[{"href":"https:\/\/www.ege-annaberg.de\/wp\/wp-json\/wp\/v2\/media?parent=12845"}],"wp:term":[{"taxonomy":"category","embeddable":true,"href":"https:\/\/www.ege-annaberg.de\/wp\/wp-json\/wp\/v2\/categories?post=12845"},{"taxonomy":"post_tag","embeddable":true,"href":"https:\/\/www.ege-annaberg.de\/wp\/wp-json\/wp\/v2\/tags?post=12845"}],"curies":[{"name":"wp","href":"https:\/\/api.w.org\/{rel}","templated":true}]}}